{"id":10609,"date":"2011-06-23T20:49:52","date_gmt":"2011-06-23T18:49:52","guid":{"rendered":"http:\/\/ylovephoto.com\/fr\/?p=10609"},"modified":"2011-07-12T21:29:32","modified_gmt":"2011-07-12T19:29:32","slug":"sony-a77-a65-images-volees","status":"publish","type":"post","link":"https:\/\/www.ylovephoto.com\/fr\/2011\/06\/23\/sony-a77-a65-images-volees\/","title":{"rendered":"Sony A77 &#038; A65 &#8211; images vol\u00e9es"},"content":{"rendered":"<p><a href=\"http:\/\/www.sonyalpharumors.com\/sr5-first-worldwide-picture-of-the-final-a77-and-a65-production-models\/\">SonyAlphaRumors.com<\/a> a obtenu une belle photo du prochain <a href=\"\/fr\/cat\/sony\/sony-alpha-77\">Sony Alpha 77<\/a> dont on esp\u00e8re qu&rsquo;il sera le successeur du maintenant vieux Sony Alpha 700.<\/p>\n<figure id=\"attachment_10581\" aria-describedby=\"caption-attachment-10581\" style=\"width: 600px\" class=\"wp-caption aligncenter\"><img loading=\"lazy\" decoding=\"async\" src=\"http:\/\/ylovephoto.com\/en\/wp-content\/uploads\/2011\/06\/sony-a77_a65.jpg\" alt=\"Sony Alpha 77 &amp; Alpha 65\" title=\"sony-a77_a65\" width=\"600\" height=\"316\" class=\"size-full wp-image-10581\" \/><figcaption id=\"caption-attachment-10581\" class=\"wp-caption-text\">Sony Alpha 77 & Alpha 65<\/figcaption><\/figure>\n<p>C&rsquo;est encore une rumeur extraite d&rsquo;une image fuit\u00e9e, mais cela ressemble \u00e0 l&rsquo;information la plus pr\u00e9cise disponible \u00e0 ce jour. C&rsquo;est la confirmation du m\u00e9canisme d&rsquo;orientation libre de l&rsquo;\u00e9cran LCD. On en avait entendu parler -sans certitude- mais le m\u00e9canisme appara\u00eet maintenant clair et bien d\u00e9fini. Bonnes nouvelles pour cet appareil photo (pr\u00e9vu pour juillet 2011).<\/p>\n<p><img loading=\"lazy\" decoding=\"async\" src=\"http:\/\/ylovephoto.com\/en\/wp-content\/uploads\/2011\/06\/sony-a77_button.png\" alt=\"\" title=\"sony-a77_button\" width=\"300\" height=\"254\" class=\"alignright size-full wp-image-10595\" \/>Il est presque certain que ce ne sont ni des pr\u00e9-s\u00e9ries ni des prototype mais bien des maquettes (en agrandissant le contacteur rotatif de fonctions, il semble encore bien grossier). Mais, \u00e0 ce point, on s&rsquo;en moque \u00e9videmment ?<\/p>\n<p>Comme il est \u00e9galement clair sur la photo, il y a un deuxi\u00e8me appareil photo et on nous dit qu&rsquo;il pourrait porter le doux nom de <strong>Alpha 65<\/strong> ou <a href=\"\/fr\/cat\/sony\/sony-alpha-65\">A65<\/a>. Voil\u00e0 la vraie surprise puisqu&rsquo;il ressemble -ext\u00e9rieurement- \u00e0 un A77 simplifi\u00e9 (le LCD serait seulement basculant et le reste est tr\u00e8s semblable sauf le trait d&rsquo;espace entre le flash et le viseur qui a une forme l\u00e9g\u00e8rement diff\u00e9rente) comme Sony nous y a d\u00e9j\u00e0 habitu\u00e9s par le pass\u00e9, mais le nom rompt avec quelques conventions Sony pour la d\u00e9signation des appareils dans une gamme donn\u00e9e depuis qu&rsquo;ils utilisent deux chiffres seulement (A33, A35, A55, etc.) pour les reflex Alpha. Il ne faut peut-\u00eatre pas y chercher une signification tr\u00e8s profonde ; simplement une bizarret\u00e9 isol\u00e9e dans le Groupe des Noms \u00e0 l&rsquo;int\u00e9rieur du D\u00e9partement Marketing&#8230;<\/p>\n<p>Les principales questions sont :<\/p>\n<ol>\n<li>Est-ce que les <a href=\"\/fr\/cat\/sony\/sony-alpha-65\">Alpha 65<\/a> vont recevoir le gros capteur CMOS 24 MP des <a href=\"\/fr\/cat\/sony\/sony-alpha-77\">Alpha 77<\/a> ? Le nom pourrait indiquer le contraire, mais ce n&rsquo;est qu&rsquo;une supposition \u00e0 cette heure.<\/li>\n<li>Tr\u00e8s certainement, le A65 aura une sensibilit\u00e9 r\u00e9duite (n&rsquo;atteignant pas les 102 400 ISO dont tout le monde dit que l&rsquo;Alpha 77 sera \u00e9quip\u00e9, \u00e0 condition qu&rsquo;ils partagent le m\u00eame capteur).<\/li>\n<li>Utiliseront-ils le m\u00eame afficheur AMOLED dans leur viseur ? Je prends les paris que \u00ab\u00a0oui\u00a0\u00bb puisque mes source me disent que le viseur actuel des Alpha sera rendu obsol\u00e8te par celui pr\u00e9sent\u00e9 en juillet (Pas de confusion :le viseur \u00e9lectronique (EVF) reste une certitude \u00e0 101% pour ces deux appareils).<\/li>\n<\/ol>\n<p>La pr\u00e9sence de deux appareils oblige \u00e0 se poser une question suppl\u00e9mentaire \u00e0 propos du prix. Nous savons tous que le viseur \u00e9lectronique aide notablement Sony \u00e0 r\u00e9duire les co\u00fbts, augmenter les cadences des rafales et faciliter la mise au point en continu en mode vid\u00e9o ; mais Sony est peut-\u00eatre simplement en train de se pr\u00e9parer \u00e0 pr\u00e9server des belles marges sur le <a href=\"\/fr\/cat\/sony\/sony-alpha-77\">Alpha 77<\/a> en lui donnant un petit fr\u00e8re \u00e0 prix plancher. Au d\u00e9but, Sony aurait la possibilit\u00e9 de garder des prix \u00e9lev\u00e9s (et des marges confortables) sur le A77 en laissant des prix canons \u00e0 l&rsquo;A65. Quand Nikon pr\u00e9sentera sont concurrent direct (le <strong><a href=\"\/fr\/cat\/nikon\/nikon-d400\">Nikon D400<\/a><\/strong> en septembre? ou octobre?), Sony sera pr\u00e8s \u00e0 brutalement r\u00e9duire ses marges (et ses prix) en frappant Nikon l\u00e0 o\u00f9 \u00e7a fait mal : le prix.<\/p>\n<p>Si j&rsquo;ai raison, l&rsquo;<strong>Sony Alpha 65<\/strong> sera le vrai super appareil \u00e0 acheter cet \u00e9t\u00e9 et l&rsquo;<strong>Alpha 77<\/strong> n&rsquo;atteindra vraiment son plein potentiel de prix qu&rsquo;\u00e0 la fin de l&rsquo;ann\u00e9e (mais pr\u00e9parez-vous \u00e0 une vraie chute \u00e0 ce moment-l\u00e0 : les deux seront sous les 1000\u20ac).<\/p>\n<p>Bon sang de bon soir ! Ca va recommencer \u00e0 devenir int\u00e9ressant. Les prochains rendez-vous ?<\/p>\n<ul>\n<li>Annonce officielle Sony pour l&rsquo;<strong>Alpha 77<\/strong> et l&rsquo;<strong>Alpha 65<\/strong>, d\u00e9but juillet<\/li>\n<li>Contre-attaque Nikon en septembre : <strong>Nikon D400<\/strong><\/li>\n<\/ul>\n","protected":false},"excerpt":{"rendered":"<p>SonyAlphaRumors.com a obtenu une belle photo du prochain Sony Alpha 77 dont on esp\u00e8re qu&rsquo;il sera le successeur du maintenant vieux Sony Alpha 700. C&rsquo;est encore une rumeur extraite d&rsquo;une image fuit\u00e9e, mais cela ressemble \u00e0 l&rsquo;information la plus pr\u00e9cise disponible \u00e0 ce jour. C&rsquo;est la confirmation du m\u00e9canisme d&rsquo;orientation libre de l&rsquo;\u00e9cran LCD. On [&hellip;]<\/p>\n","protected":false},"author":1,"featured_media":10611,"comment_status":"open","ping_status":"open","sticky":false,"template":"","format":"standard","meta":{"footnotes":""},"categories":[52,586,421],"tags":[334,646,93,647],"class_list":["post-10609","post","type-post","status-publish","format-standard","has-post-thumbnail","hentry","category-nikon-d400","category-sony-alpha-65","category-sony-alpha-77","tag-alpha","tag-nikon","tag-rumeur","tag-sony"],"_links":{"self":[{"href":"https:\/\/www.ylovephoto.com\/fr\/wp-json\/wp\/v2\/posts\/10609","targetHints":{"allow":["GET"]}}],"collection":[{"href":"https:\/\/www.ylovephoto.com\/fr\/wp-json\/wp\/v2\/posts"}],"about":[{"href":"https:\/\/www.ylovephoto.com\/fr\/wp-json\/wp\/v2\/types\/post"}],"author":[{"embeddable":true,"href":"https:\/\/www.ylovephoto.com\/fr\/wp-json\/wp\/v2\/users\/1"}],"replies":[{"embeddable":true,"href":"https:\/\/www.ylovephoto.com\/fr\/wp-json\/wp\/v2\/comments?post=10609"}],"version-history":[{"count":0,"href":"https:\/\/www.ylovephoto.com\/fr\/wp-json\/wp\/v2\/posts\/10609\/revisions"}],"wp:featuredmedia":[{"embeddable":true,"href":"https:\/\/www.ylovephoto.com\/fr\/wp-json\/wp\/v2\/media\/10611"}],"wp:attachment":[{"href":"https:\/\/www.ylovephoto.com\/fr\/wp-json\/wp\/v2\/media?parent=10609"}],"wp:term":[{"taxonomy":"category","embeddable":true,"href":"https:\/\/www.ylovephoto.com\/fr\/wp-json\/wp\/v2\/categories?post=10609"},{"taxonomy":"post_tag","embeddable":true,"href":"https:\/\/www.ylovephoto.com\/fr\/wp-json\/wp\/v2\/tags?post=10609"}],"curies":[{"name":"wp","href":"https:\/\/api.w.org\/{rel}","templated":true}]}}