{"id":10863,"date":"2011-08-07T12:24:16","date_gmt":"2011-08-07T10:24:16","guid":{"rendered":"http:\/\/ylovephoto.com\/fr\/?p=10863"},"modified":"2011-08-07T12:24:17","modified_gmt":"2011-08-07T10:24:17","slug":"nouveaux-appareils-sony","status":"publish","type":"post","link":"https:\/\/www.ylovephoto.com\/fr\/2011\/08\/07\/nouveaux-appareils-sony\/","title":{"rendered":"Nouveaux appareils Sony"},"content":{"rendered":"<figure id=\"attachment_10789\" aria-describedby=\"caption-attachment-10789\" style=\"width: 263px\" class=\"wp-caption alignright\"><a href=\"http:\/\/ylovephoto.com\/fr\/?attachment_id=10789\" rel=\"attachment wp-att-10789\"><img loading=\"lazy\" decoding=\"async\" src=\"http:\/\/ylovephoto.com\/en\/wp-content\/uploads\/2011\/08\/sony-a77-camera-front-263x300.jpg\" alt=\"Sony A77\" title=\"sony-a77-camera-front\" width=\"263\" height=\"300\" class=\"size-medium wp-image-10789\" \/><\/a><figcaption id=\"caption-attachment-10789\" class=\"wp-caption-text\">Sony Alpha 77<\/figcaption><\/figure>\n<p>M\u00eame s&rsquo;ils ne sont pas encore annonc\u00e9s, les <a href=\"\/en\/slr\/sony\/sony-alpha-77\/\">Sony Alpha 77<\/a> et <a href=\"\/en\/slr\/sony\/sony-alpha-65\/\">Sony Alpha 65<\/a> commencent \u00e0 \u00eatre relativement bien connus \u00e0 partir du d\u00e9luge de fuites, de ruemeurs et d&rsquo;informations qui nous sont parvenus ces derniers mois.<\/p>\n<p>Nous savons qu&rsquo;ils seront annonc\u00e9s \u00e0 la fin ao\u00fbt. Mais sans plus attendre, j&rsquo;ai d\u00e9cid\u00e9 d&rsquo;ouvrir les pages de description de ces appareils photo : <a href=\"\/en\/slr\/sony\/sony-alpha-77\/\">caract\u00e9ristiques du Sony Alpha 77<\/a> et <a href=\"\/en\/slr\/sony\/sony-alpha-65\/\">caract\u00e9ristiques du Sony Alpha 65<\/a>.<\/p>\n<p>Bien s\u00fbr, il s&rsquo;agit plus du r\u00e9sultat d&rsquo;une analyse statistique des articles parus sur la toile internationale des sites photo que d&rsquo;une collection formelle des caract\u00e9ristiques et des fonctions.  Par cons\u00e9quent, je me soumettrai \u00e0 la contrainte de faire \u00e9voluer les pages au fur et \u00e0 mesure que les nouvelles informations me parviennent. Et, finalement, elles seront mises \u00e0 jour les 23 et 24 ao\u00fbt, lors de l&rsquo;annonce officielle.<\/p>\n","protected":false},"excerpt":{"rendered":"<p>M\u00eame s&rsquo;ils ne sont pas encore annonc\u00e9s, les Sony Alpha 77 et Sony Alpha 65 commencent \u00e0 \u00eatre relativement bien connus \u00e0 partir du d\u00e9luge de fuites, de ruemeurs et d&rsquo;informations qui nous sont parvenus ces derniers mois. Nous savons qu&rsquo;ils seront annonc\u00e9s \u00e0 la fin ao\u00fbt. Mais sans plus attendre, j&rsquo;ai d\u00e9cid\u00e9 d&rsquo;ouvrir les [&hellip;]<\/p>\n","protected":false},"author":1,"featured_media":10867,"comment_status":"open","ping_status":"open","sticky":false,"template":"","format":"standard","meta":{"footnotes":""},"categories":[586,7,196,421,420,332],"tags":[334,93,647],"class_list":["post-10863","post","type-post","status-publish","format-standard","has-post-thumbnail","hentry","category-sony-alpha-65","category-sony-alpha-700","category-sony-alpha-750","category-sony-alpha-77","category-sony-alpha-780","category-sony-alpha-790","tag-alpha","tag-rumeur","tag-sony"],"_links":{"self":[{"href":"https:\/\/www.ylovephoto.com\/fr\/wp-json\/wp\/v2\/posts\/10863","targetHints":{"allow":["GET"]}}],"collection":[{"href":"https:\/\/www.ylovephoto.com\/fr\/wp-json\/wp\/v2\/posts"}],"about":[{"href":"https:\/\/www.ylovephoto.com\/fr\/wp-json\/wp\/v2\/types\/post"}],"author":[{"embeddable":true,"href":"https:\/\/www.ylovephoto.com\/fr\/wp-json\/wp\/v2\/users\/1"}],"replies":[{"embeddable":true,"href":"https:\/\/www.ylovephoto.com\/fr\/wp-json\/wp\/v2\/comments?post=10863"}],"version-history":[{"count":0,"href":"https:\/\/www.ylovephoto.com\/fr\/wp-json\/wp\/v2\/posts\/10863\/revisions"}],"wp:featuredmedia":[{"embeddable":true,"href":"https:\/\/www.ylovephoto.com\/fr\/wp-json\/wp\/v2\/media\/10867"}],"wp:attachment":[{"href":"https:\/\/www.ylovephoto.com\/fr\/wp-json\/wp\/v2\/media?parent=10863"}],"wp:term":[{"taxonomy":"category","embeddable":true,"href":"https:\/\/www.ylovephoto.com\/fr\/wp-json\/wp\/v2\/categories?post=10863"},{"taxonomy":"post_tag","embeddable":true,"href":"https:\/\/www.ylovephoto.com\/fr\/wp-json\/wp\/v2\/tags?post=10863"}],"curies":[{"name":"wp","href":"https:\/\/api.w.org\/{rel}","templated":true}]}}