{"id":11913,"date":"2012-04-24T20:19:33","date_gmt":"2012-04-24T18:19:33","guid":{"rendered":"http:\/\/ylovephoto.com\/fr\/?p=11913"},"modified":"2012-04-25T00:36:57","modified_gmt":"2012-04-24T22:36:57","slug":"canon-5d-mkiii-circulez-ya-rien-a-voir","status":"publish","type":"post","link":"https:\/\/www.ylovephoto.com\/fr\/2012\/04\/24\/canon-5d-mkiii-circulez-ya-rien-a-voir\/","title":{"rendered":"Canon 5D MkIII : circulez, y&rsquo;a rien \u00e0 voir !"},"content":{"rendered":"<p><a href=\"http:\/\/ylovephoto.com\/fr\/wp-content\/uploads\/2012\/04\/EOS-5D-mIII-REV-DETAIL.jpg\"><img loading=\"lazy\" decoding=\"async\" src=\"http:\/\/ylovephoto.com\/fr\/wp-content\/uploads\/2012\/04\/EOS-5D-mIII-REV-DETAIL-300x235.jpg\" alt=\"\" title=\"EOS 5D mIII REV DETAIL\" width=\"300\" height=\"235\" class=\"alignleft size-medium wp-image-11914\" srcset=\"https:\/\/www.ylovephoto.com\/fr\/wp-content\/uploads\/2012\/04\/EOS-5D-mIII-REV-DETAIL-300x235.jpg 300w, https:\/\/www.ylovephoto.com\/fr\/wp-content\/uploads\/2012\/04\/EOS-5D-mIII-REV-DETAIL-600x471.jpg 600w, https:\/\/www.ylovephoto.com\/fr\/wp-content\/uploads\/2012\/04\/EOS-5D-mIII-REV-DETAIL-480x376.jpg 480w, https:\/\/www.ylovephoto.com\/fr\/wp-content\/uploads\/2012\/04\/EOS-5D-mIII-REV-DETAIL-235x184.jpg 235w, https:\/\/www.ylovephoto.com\/fr\/wp-content\/uploads\/2012\/04\/EOS-5D-mIII-REV-DETAIL-75x58.jpg 75w, https:\/\/www.ylovephoto.com\/fr\/wp-content\/uploads\/2012\/04\/EOS-5D-mIII-REV-DETAIL-350x274.jpg 350w, https:\/\/www.ylovephoto.com\/fr\/wp-content\/uploads\/2012\/04\/EOS-5D-mIII-REV-DETAIL-220x172.jpg 220w, https:\/\/www.ylovephoto.com\/fr\/wp-content\/uploads\/2012\/04\/EOS-5D-mIII-REV-DETAIL.jpg 1024w\" sizes=\"auto, (max-width: 300px) 100vw, 300px\" \/><\/a>Canon vient de produire un certain effet avec la plus r\u00e9cente r\u00e9ponse \u00e0 la d\u00e9couverte d&rsquo;un petit probl\u00e8me de \u00ab\u00a0fuite de lumi\u00e8re\u00a0\u00bb sur le Canon EOS 5D MkIII. Certes, le probl\u00e8me n&rsquo;est pas consid\u00e9rable (voir <a href=\"\/fr\/tag\/canon\/\">mes commentaires pr\u00e9c\u00e9dents<\/a>) mais Canon est revenu vers les clients avec une analyse qui laisse assez sceptique : aucun probl\u00e8me pour les photos.<\/p>\n<p><code>However, based on the results of extensive testing this change in exposure value will not noticeably affect the captured image.<\/p>\n<p>N\u00e9anmoins, apr\u00e8s des tests extensifs, il r\u00e9sulte que ce changement dans l'exposition n'affecte pas l'exposition de mani\u00e8re notable.<\/code><\/p>\n<p>C&rsquo;est exact : l&rsquo;\u00e9cart semble \u00eatre d&rsquo;un tiers de diaphragme. L&rsquo;\u00e9cart est faible. Mais les utilisateurs d&rsquo;un appareil pour experts ou pros semblent peut-\u00eatre plus difficiles \u00e0 convaincre que le grand public.<\/p>\n<p>Nous verrons ce qu&rsquo;il en sortira. Peut-\u00eatre pas un vrai scandale (Canon propose quand-m\u00eame de v\u00e9rifier votre appareil en service apr\u00e8s-vente), mais quelques commentaires acerbes et une l\u00e9g\u00e8re irritation&#8230;<\/p>\n<hr width=\"50%\">\nInformation importante (<a href=\"http:\/\/www.usa.canon.com\/cusa\/consumer\/products\/cameras\/slr_cameras\/eos_5d_mark_iii\">origine Canon<\/a>) : les seuls appareils affect\u00e9s portent un num\u00e9ro de s\u00e9rie de la forme de \u201cxxxxx1xxxxxx\u201d\u3000ou \u201cxxxxx2xxxxxx\u201d (il faut remarquer le sixi\u00e8me chiffre qui doit \u00eatre soit un 1 soit un 2).<\/p>\n","protected":false},"excerpt":{"rendered":"<p>Canon vient de produire un certain effet avec la plus r\u00e9cente r\u00e9ponse \u00e0 la d\u00e9couverte d&rsquo;un petit probl\u00e8me de \u00ab\u00a0fuite de lumi\u00e8re\u00a0\u00bb sur le Canon EOS 5D MkIII. Certes, le probl\u00e8me n&rsquo;est pas consid\u00e9rable (voir mes commentaires pr\u00e9c\u00e9dents) mais Canon est revenu vers les clients avec une analyse qui laisse assez sceptique : aucun probl\u00e8me [&hellip;]<\/p>\n","protected":false},"author":1,"featured_media":11920,"comment_status":"open","ping_status":"open","sticky":false,"template":"","format":"standard","meta":{"footnotes":""},"categories":[523],"tags":[645],"class_list":["post-11913","post","type-post","status-publish","format-standard","has-post-thumbnail","hentry","category-canon-eos-5d-mkiii","tag-canon"],"_links":{"self":[{"href":"https:\/\/www.ylovephoto.com\/fr\/wp-json\/wp\/v2\/posts\/11913","targetHints":{"allow":["GET"]}}],"collection":[{"href":"https:\/\/www.ylovephoto.com\/fr\/wp-json\/wp\/v2\/posts"}],"about":[{"href":"https:\/\/www.ylovephoto.com\/fr\/wp-json\/wp\/v2\/types\/post"}],"author":[{"embeddable":true,"href":"https:\/\/www.ylovephoto.com\/fr\/wp-json\/wp\/v2\/users\/1"}],"replies":[{"embeddable":true,"href":"https:\/\/www.ylovephoto.com\/fr\/wp-json\/wp\/v2\/comments?post=11913"}],"version-history":[{"count":0,"href":"https:\/\/www.ylovephoto.com\/fr\/wp-json\/wp\/v2\/posts\/11913\/revisions"}],"wp:featuredmedia":[{"embeddable":true,"href":"https:\/\/www.ylovephoto.com\/fr\/wp-json\/wp\/v2\/media\/11920"}],"wp:attachment":[{"href":"https:\/\/www.ylovephoto.com\/fr\/wp-json\/wp\/v2\/media?parent=11913"}],"wp:term":[{"taxonomy":"category","embeddable":true,"href":"https:\/\/www.ylovephoto.com\/fr\/wp-json\/wp\/v2\/categories?post=11913"},{"taxonomy":"post_tag","embeddable":true,"href":"https:\/\/www.ylovephoto.com\/fr\/wp-json\/wp\/v2\/tags?post=11913"}],"curies":[{"name":"wp","href":"https:\/\/api.w.org\/{rel}","templated":true}]}}