{"id":12742,"date":"2021-09-13T18:46:00","date_gmt":"2021-09-13T16:46:00","guid":{"rendered":"https:\/\/ylovephoto.com\/fr\/?p=12742"},"modified":"2021-09-13T18:46:01","modified_gmt":"2021-09-13T16:46:01","slug":"vagues","status":"publish","type":"post","link":"https:\/\/www.ylovephoto.com\/fr\/2021\/09\/13\/vagues\/","title":{"rendered":"Vagues !"},"content":{"rendered":"\n<p>Je d\u00e9couvre parfois des images absolument inhabituelles. Aujourd&rsquo;hui, je voudrais partager avec vous les images de deux photographes qui ont r\u00e9ussi \u00e0 magnifier un sujet qui semblait pourtant bien banal pour quiconque habite pr\u00e8s de la mer ou de l&rsquo;oc\u00e9ean : les vagues.<\/p>\n\n\n\n<h2 class=\"wp-block-heading\">Warren Keelan<\/h2>\n\n\n\n<p> Rendez-vous sur son\u00a0<a rel=\"noreferrer noopener\" href=\"http:\/\/www.warrenkeelan.com\/\" target=\"_blank\">site web<\/a>, son\u00a0<a rel=\"noreferrer noopener\" href=\"https:\/\/www.instagram.com\/WarrenKeelan\" target=\"_blank\">Instagram<\/a>,\u00a0<a rel=\"noreferrer noopener\" href=\"https:\/\/www.facebook.com\/WarrenKeelanPhotography\" target=\"_blank\">Facebook<\/a>,\u00a0<a rel=\"noreferrer noopener\" href=\"https:\/\/www.500px.com\/WarrenKeelan\" target=\"_blank\">500px<\/a>, ou encore sur\u00a0<a rel=\"noreferrer noopener\" href=\"https:\/\/www.twitter.com\/WarrenKeelan\" target=\"_blank\">Twitter<\/a>. <\/p>\n\n\n\n<p>Encore mieux, il est possible d&rsquo;<a href=\"https:\/\/www.warrenkeelan.com\/products\/warren-keelan-2020-ocean-art-calendar\">acheter le calendrier 2020<\/a> \u00e9dit\u00e9 par Warren. Un moyen de garder ses images sous les yeux toute l&rsquo;ann\u00e9e.<\/p>\n\n\n\n<h2 class=\"wp-block-heading\"> Rachael Talibart<\/h2>\n\n\n\n<p>N\u00e9e dans le sud-est de l&rsquo;Angleterre, Rachael a grandi quasiment dans le bateau de son p\u00e8re. Aucun doute, elle a trouv\u00e9 l&rsquo;exp\u00e9rience enrichissante (m\u00eame si elle n&rsquo;est pas devenue marin) et source d&rsquo;inspiration pour ses images.<\/p>\n\n\n\n<p>Des orages majestueux lui ont offert l&rsquo;opportunit\u00e9 de rencontrer des vague ssuperbes dans des conditions spectaculaires. En voici des images superbes, loin des images de tout le monde. Son <a href=\"https:\/\/www.rachaeltalibart.com\/\">site<\/a> regorge de telles images.<\/p>\n\n\n\n<figure class=\"wp-block-image size-large\"><img loading=\"lazy\" decoding=\"async\" width=\"600\" height=\"337\" src=\"https:\/\/www.ylovephoto.com\/fr\/wp-content\/uploads\/2021\/09\/Rachael.Talibart-wave-600x337.png\" alt=\"\" class=\"wp-image-12955\" srcset=\"https:\/\/www.ylovephoto.com\/fr\/wp-content\/uploads\/2021\/09\/Rachael.Talibart-wave-600x337.png 600w, https:\/\/www.ylovephoto.com\/fr\/wp-content\/uploads\/2021\/09\/Rachael.Talibart-wave-300x168.png 300w, https:\/\/www.ylovephoto.com\/fr\/wp-content\/uploads\/2021\/09\/Rachael.Talibart-wave-768x431.png 768w, https:\/\/www.ylovephoto.com\/fr\/wp-content\/uploads\/2021\/09\/Rachael.Talibart-wave-400x225.png 400w, https:\/\/www.ylovephoto.com\/fr\/wp-content\/uploads\/2021\/09\/Rachael.Talibart-wave.png 1461w\" sizes=\"auto, (max-width: 600px) 100vw, 600px\" \/><\/figure>\n","protected":false},"excerpt":{"rendered":"<p>Je d\u00e9couvre parfois des images absolument inhabituelles. Aujourd&rsquo;hui, je voudrais partager avec vous les images de deux photographes qui ont r\u00e9ussi \u00e0 magnifier un sujet qui semblait pourtant bien banal pour quiconque habite pr\u00e8s de la mer ou de l&rsquo;oc\u00e9ean : les vagues. Warren Keelan Rendez-vous sur son\u00a0site web, son\u00a0Instagram,\u00a0Facebook,\u00a0500px, ou encore sur\u00a0Twitter. Encore mieux, [&hellip;]<\/p>\n","protected":false},"author":1,"featured_media":12954,"comment_status":"open","ping_status":"open","sticky":false,"template":"","format":"standard","meta":{"footnotes":""},"categories":[58,28],"tags":[689,125,688],"class_list":["post-12742","post","type-post","status-publish","format-standard","has-post-thumbnail","hentry","category-photographier","category-portfolios","tag-ocean","tag-portfolio","tag-vagues"],"_links":{"self":[{"href":"https:\/\/www.ylovephoto.com\/fr\/wp-json\/wp\/v2\/posts\/12742","targetHints":{"allow":["GET"]}}],"collection":[{"href":"https:\/\/www.ylovephoto.com\/fr\/wp-json\/wp\/v2\/posts"}],"about":[{"href":"https:\/\/www.ylovephoto.com\/fr\/wp-json\/wp\/v2\/types\/post"}],"author":[{"embeddable":true,"href":"https:\/\/www.ylovephoto.com\/fr\/wp-json\/wp\/v2\/users\/1"}],"replies":[{"embeddable":true,"href":"https:\/\/www.ylovephoto.com\/fr\/wp-json\/wp\/v2\/comments?post=12742"}],"version-history":[{"count":0,"href":"https:\/\/www.ylovephoto.com\/fr\/wp-json\/wp\/v2\/posts\/12742\/revisions"}],"wp:featuredmedia":[{"embeddable":true,"href":"https:\/\/www.ylovephoto.com\/fr\/wp-json\/wp\/v2\/media\/12954"}],"wp:attachment":[{"href":"https:\/\/www.ylovephoto.com\/fr\/wp-json\/wp\/v2\/media?parent=12742"}],"wp:term":[{"taxonomy":"category","embeddable":true,"href":"https:\/\/www.ylovephoto.com\/fr\/wp-json\/wp\/v2\/categories?post=12742"},{"taxonomy":"post_tag","embeddable":true,"href":"https:\/\/www.ylovephoto.com\/fr\/wp-json\/wp\/v2\/tags?post=12742"}],"curies":[{"name":"wp","href":"https:\/\/api.w.org\/{rel}","templated":true}]}}